{"id":231824,"date":"2026-04-29T09:44:13","date_gmt":"2026-04-29T09:44:13","guid":{"rendered":"https:\/\/climalife.com\/aufgepasst-voiles-du-froid-2026-noch-ein-monat-bis-zum-start-alles-was-sie-darueber-wissen-sollten\/"},"modified":"2026-04-29T09:56:11","modified_gmt":"2026-04-29T09:56:11","slug":"aufgepasst-voiles-du-froid-2026-noch-ein-monat-bis-zum-start-alles-was-sie-darueber-wissen-sollten","status":"publish","type":"post","link":"https:\/\/climalife.com\/de\/aufgepasst-voiles-du-froid-2026-noch-ein-monat-bis-zum-start-alles-was-sie-darueber-wissen-sollten\/","title":{"rendered":"Aufgepasst! \u2013 Voiles du Froid 2026: noch ein Monat bis zum Start \u2013 alles, was Sie dar\u00fcber wissen sollten!"},"content":{"rendered":"\n<p>Liebe Teilnehmer,<\/p>\n\n\n\n<p>F\u00fcr diese neue Ausgabe setzen die \u201eVoiles du Froid\u201c Kurs auf die \u00cele de R\u00e9. Der Start erfolgt am Freitag, dem 29. Mai, im Hafen Les Minimes in La Rochelle, von wo aus es in Richtung Saint-Martin-de-R\u00e9 geht.<\/p>\n\n\n\n<p>Auf dem Programm stehen sechs Regatten auf See sowie eine Regatta an Land \u2013 Momente, in denen Teamgeist, Strategie und Geselligkeit im Mittelpunkt stehen.<\/p>\n\n\n\n<p>Unser herzlicher Dank gilt all unseren Partnern, die diese Veranstaltung tatkr\u00e4ftig unterst\u00fctzen und ma\u00dfgeblich dazu beitragen, dass \u201eLes Voiles du Froid\u201c zu einem bedeutenden Branchentreffen geworden ist.<\/p>\n\n\n\n<figure class=\"wp-block-image size-full is-resized\"><img loading=\"lazy\" decoding=\"async\" width=\"605\" height=\"86\" src=\"https:\/\/climalife.com\/wp-content\/uploads\/2026\/04\/VDF2026.png\" alt=\"voiles du froid 2026\" class=\"wp-image-231793\" style=\"width:746px;height:auto\" srcset=\"https:\/\/climalife.com\/wp-content\/uploads\/2026\/04\/VDF2026.png 605w, https:\/\/climalife.com\/wp-content\/uploads\/2026\/04\/VDF2026-300x43.png 300w, https:\/\/climalife.com\/wp-content\/uploads\/2026\/04\/VDF2026-600x85.png 600w\" sizes=\"auto, (max-width: 605px) 100vw, 605px\" \/><\/figure>\n\n\n\n<p>Damit Sie nichts von der Veranstaltung verpassen, folgen Sie uns auf Instagram unter <strong>@voiles_du_froid<\/strong> und erleben Sie die Regatten in Echtzeit \u2013 direkt aus dem Herzen des Geschehens.<\/p>\n\n\n\n<p>Macht euch bereit, die Segel zu setzen \u2026 der Wettkampf kann beginnen!<\/p>\n\n\n\n<p>Weitere Informationen finden Sie unter <a href=\"https:\/\/voilesdufroid.com\/fr\/\" data-type=\"\u201elink\u201c\" data-id=\"\u201ehttps:\/\/voilesdufroid.com\/fr\/\u201c\" rel=\"noopener\">voilesdufroid.com<\/a> <\/p>\n\n\n<div class=\"wp-block-image\">\n<figure class=\"alignleft size-medium\"><img loading=\"lazy\" decoding=\"async\" width=\"200\" height=\"300\" src=\"https:\/\/climalife.com\/wp-content\/uploads\/2026\/04\/affiche-voiles-du-froid-2026-200x300.png\" alt=\"affiche voiles du froid 2026\" class=\"wp-image-231798\" srcset=\"https:\/\/climalife.com\/wp-content\/uploads\/2026\/04\/affiche-voiles-du-froid-2026-200x300.png 200w, https:\/\/climalife.com\/wp-content\/uploads\/2026\/04\/affiche-voiles-du-froid-2026-600x900.png 600w, https:\/\/climalife.com\/wp-content\/uploads\/2026\/04\/affiche-voiles-du-froid-2026.png 622w\" sizes=\"auto, (max-width: 200px) 100vw, 200px\" \/><\/figure><\/div>\n\n\n<div style=\"height:10px\" aria-hidden=\"true\" class=\"wp-block-spacer\"><\/div>\n","protected":false},"excerpt":{"rendered":"<p>Der Countdown l\u00e4uft! In einem Monat ist es so weit: Vom 29. bis 31. Mai 2026 freuen wir uns, Sie zur 32. Ausgabe der \u201eVoiles du Froid\u201c begr\u00fc\u00dfen zu d\u00fcrfen.<\/p>\n","protected":false},"author":53,"featured_media":231795,"comment_status":"closed","ping_status":"open","sticky":false,"template":"","format":"standard","meta":{"footnotes":""},"categories":[13142],"tags":[],"product_cat":[],"class_list":["post-231824","post","type-post","status-publish","format-standard","has-post-thumbnail","hentry","category-event"],"_links":{"self":[{"href":"https:\/\/climalife.com\/de\/wp-json\/wp\/v2\/posts\/231824","targetHints":{"allow":["GET"]}}],"collection":[{"href":"https:\/\/climalife.com\/de\/wp-json\/wp\/v2\/posts"}],"about":[{"href":"https:\/\/climalife.com\/de\/wp-json\/wp\/v2\/types\/post"}],"author":[{"embeddable":true,"href":"https:\/\/climalife.com\/de\/wp-json\/wp\/v2\/users\/53"}],"replies":[{"embeddable":true,"href":"https:\/\/climalife.com\/de\/wp-json\/wp\/v2\/comments?post=231824"}],"version-history":[{"count":4,"href":"https:\/\/climalife.com\/de\/wp-json\/wp\/v2\/posts\/231824\/revisions"}],"predecessor-version":[{"id":231830,"href":"https:\/\/climalife.com\/de\/wp-json\/wp\/v2\/posts\/231824\/revisions\/231830"}],"wp:featuredmedia":[{"embeddable":true,"href":"https:\/\/climalife.com\/de\/wp-json\/wp\/v2\/media\/231795"}],"wp:attachment":[{"href":"https:\/\/climalife.com\/de\/wp-json\/wp\/v2\/media?parent=231824"}],"wp:term":[{"taxonomy":"category","embeddable":true,"href":"https:\/\/climalife.com\/de\/wp-json\/wp\/v2\/categories?post=231824"},{"taxonomy":"post_tag","embeddable":true,"href":"https:\/\/climalife.com\/de\/wp-json\/wp\/v2\/tags?post=231824"},{"taxonomy":"product_cat","embeddable":true,"href":"https:\/\/climalife.com\/de\/wp-json\/wp\/v2\/product_cat?post=231824"}],"curies":[{"name":"wp","href":"https:\/\/api.w.org\/{rel}","templated":true}]}}