{"id":231820,"date":"2026-04-28T14:23:57","date_gmt":"2026-04-28T14:23:57","guid":{"rendered":"https:\/\/climalife.com\/no-te-lo-pierdas-voiles-du-froid-2026-a-solo-un-mes-todo-lo-que-necesitas-saber-sobre-el-evento\/"},"modified":"2026-04-28T14:33:43","modified_gmt":"2026-04-28T14:33:43","slug":"no-te-lo-pierdas-voiles-du-froid-2026-a-solo-un-mes-todo-lo-que-necesitas-saber-sobre-el-evento","status":"publish","type":"post","link":"https:\/\/climalife.com\/es\/no-te-lo-pierdas-voiles-du-froid-2026-a-solo-un-mes-todo-lo-que-necesitas-saber-sobre-el-evento\/","title":{"rendered":"No te lo pierdas: Velas del Fr\u00edo 2026: \u00a1A solo un mes, todo lo que necesitas saber sobre el evento!"},"content":{"rendered":"\n<p>Queridos marineros,<\/p>\n\n\n\n<p>En esta nueva edici\u00f3n, la regata \u00abVelas del Fr\u00edo 2026\u00bb pone rumbo a la isla de R\u00e9. La salida tendr\u00e1 lugar el viernes 29 de mayo desde el puerto de Les Minimes, en La Rochelle, con destino a Saint-Martin-de-R\u00e9.<\/p>\n\n\n\n<p>El programa incluye seis regatas en el mar y una regata en tierra, en las que se combinan el esp\u00edritu de equipo, la estrategia y el buen ambiente.<\/p>\n\n\n\n<p>Gracias a todos nuestros socios, que nos acompa\u00f1an fielmente en este evento y contribuyen a que \u00abVelas del Fr\u00edo 2026\u00bb sea una cita ineludible para el sector.<\/p>\n\n\n\n<figure class=\"wp-block-image size-full is-resized\"><img loading=\"lazy\" decoding=\"async\" width=\"605\" height=\"86\" src=\"https:\/\/climalife.com\/wp-content\/uploads\/2026\/04\/VDF2026.png\" alt=\"Velas del fr\u00edo 2026\" class=\"wp-image-231793\" style=\"width:746px;height:auto\" srcset=\"https:\/\/climalife.com\/wp-content\/uploads\/2026\/04\/VDF2026.png 605w, https:\/\/climalife.com\/wp-content\/uploads\/2026\/04\/VDF2026-300x43.png 300w, https:\/\/climalife.com\/wp-content\/uploads\/2026\/04\/VDF2026-600x85.png 600w\" sizes=\"auto, (max-width: 605px) 100vw, 605px\" \/><\/figure>\n\n\n\n<p>Para no perderte nada del evento, s\u00edguenos en Instagram <a href=\"https:\/\/www.instagram.com\/voiles_du_froid\/\" data-type=\"link\" data-id=\"https:\/\/www.instagram.com\/voiles_du_froid\/\" rel=\"noopener\">@voiles_du_froid<\/a> y vive las regatas en tiempo real, en pleno centro de la acci\u00f3n.<\/p>\n\n\n\n<p>Prep\u00e1rense para izar las velas\u2026 \u00a1que comience la competici\u00f3n!<\/p>\n\n\n\n<p>Para obtener m\u00e1s informaci\u00f3n, visite <a href=\"https:\/\/voilesdufroid.com\/fr\/\" data-type=\"link\" data-id=\"https:\/\/voilesdufroid.com\/fr\/\" rel=\"noopener\">voilesdufroid.com<\/a> !<\/p>\n\n\n<div class=\"wp-block-image\">\n<figure class=\"alignleft size-medium\"><img loading=\"lazy\" decoding=\"async\" width=\"200\" height=\"300\" src=\"https:\/\/climalife.com\/wp-content\/uploads\/2026\/04\/affiche-voiles-du-froid-2026-200x300.png\" alt=\"Cartel de \u00abVelas del fr\u00edo 2026\u00bb\" class=\"wp-image-231798\" srcset=\"https:\/\/climalife.com\/wp-content\/uploads\/2026\/04\/affiche-voiles-du-froid-2026-200x300.png 200w, https:\/\/climalife.com\/wp-content\/uploads\/2026\/04\/affiche-voiles-du-froid-2026-600x900.png 600w, https:\/\/climalife.com\/wp-content\/uploads\/2026\/04\/affiche-voiles-du-froid-2026.png 622w\" sizes=\"auto, (max-width: 200px) 100vw, 200px\" \/><\/figure><\/div>\n\n\n<div style=\"height:10px\" aria-hidden=\"true\" class=\"wp-block-spacer\"><\/div>\n","protected":false},"excerpt":{"rendered":"<p>\u00a1La cuenta regressiva ha comenzado! Dentro de un mes, tendremos el placer de volver a veros del 29 al 31 de mayo de 2026 para la 32.\u00aa edici\u00f3n de Les Voiles du Froid.<\/p>\n","protected":false},"author":53,"featured_media":231795,"comment_status":"closed","ping_status":"open","sticky":false,"template":"","format":"standard","meta":{"footnotes":""},"categories":[13232],"tags":[],"product_cat":[],"class_list":["post-231820","post","type-post","status-publish","format-standard","has-post-thumbnail","hentry","category-evento-es"],"_links":{"self":[{"href":"https:\/\/climalife.com\/es\/wp-json\/wp\/v2\/posts\/231820","targetHints":{"allow":["GET"]}}],"collection":[{"href":"https:\/\/climalife.com\/es\/wp-json\/wp\/v2\/posts"}],"about":[{"href":"https:\/\/climalife.com\/es\/wp-json\/wp\/v2\/types\/post"}],"author":[{"embeddable":true,"href":"https:\/\/climalife.com\/es\/wp-json\/wp\/v2\/users\/53"}],"replies":[{"embeddable":true,"href":"https:\/\/climalife.com\/es\/wp-json\/wp\/v2\/comments?post=231820"}],"version-history":[{"count":2,"href":"https:\/\/climalife.com\/es\/wp-json\/wp\/v2\/posts\/231820\/revisions"}],"predecessor-version":[{"id":231823,"href":"https:\/\/climalife.com\/es\/wp-json\/wp\/v2\/posts\/231820\/revisions\/231823"}],"wp:featuredmedia":[{"embeddable":true,"href":"https:\/\/climalife.com\/es\/wp-json\/wp\/v2\/media\/231795"}],"wp:attachment":[{"href":"https:\/\/climalife.com\/es\/wp-json\/wp\/v2\/media?parent=231820"}],"wp:term":[{"taxonomy":"category","embeddable":true,"href":"https:\/\/climalife.com\/es\/wp-json\/wp\/v2\/categories?post=231820"},{"taxonomy":"post_tag","embeddable":true,"href":"https:\/\/climalife.com\/es\/wp-json\/wp\/v2\/tags?post=231820"},{"taxonomy":"product_cat","embeddable":true,"href":"https:\/\/climalife.com\/es\/wp-json\/wp\/v2\/product_cat?post=231820"}],"curies":[{"name":"wp","href":"https:\/\/api.w.org\/{rel}","templated":true}]}}