{"id":231792,"date":"2026-04-28T08:36:23","date_gmt":"2026-04-28T08:36:23","guid":{"rendered":"https:\/\/climalife.com\/?p=231792"},"modified":"2026-04-29T16:15:56","modified_gmt":"2026-04-29T16:15:56","slug":"voiles-du-froid-2026","status":"publish","type":"post","link":"https:\/\/climalife.com\/fr\/voiles-du-froid-2026\/","title":{"rendered":"Voiles du Froid 2026 : J-30 avant l&#8217;embarquement !"},"content":{"rendered":"\n<p>Chers matelots,<\/p>\n\n\n\n<p>Pour cette nouvelle \u00e9dition, les Voiles du Froid mettent le cap sur l\u2019\u00cele de R\u00e9. Le d\u00e9part sera donn\u00e9 le vendredi 29 mai depuis le port des Minimes \u00e0 La Rochelle, en direction de Saint-Martin-de-R\u00e9.<\/p>\n\n\n\n<p>Au programme : six r\u00e9gates en mer et une r\u00e9gate \u00e0 terre, m\u00ealant esprit d\u2019\u00e9quipe, strat\u00e9gie et convivialit\u00e9.<\/p>\n\n\n\n<p>Merci \u00e0 tous nos partenaires qui nous accompagnent fid\u00e8lement sur l\u2019\u00e9v\u00e9nement et contribuent \u00e0 faire des Voiles du Froid un rendez-vous incontournable de la fili\u00e8re.<\/p>\n\n\n\n<figure class=\"wp-block-image size-full is-resized\"><img loading=\"lazy\" decoding=\"async\" width=\"605\" height=\"86\" src=\"https:\/\/climalife.com\/wp-content\/uploads\/2026\/04\/VDF2026.png\" alt=\"voiles du froid 2026\" class=\"wp-image-231793\" style=\"width:746px;height:auto\" srcset=\"https:\/\/climalife.com\/wp-content\/uploads\/2026\/04\/VDF2026.png 605w, https:\/\/climalife.com\/wp-content\/uploads\/2026\/04\/VDF2026-300x43.png 300w, https:\/\/climalife.com\/wp-content\/uploads\/2026\/04\/VDF2026-600x85.png 600w\" sizes=\"auto, (max-width: 605px) 100vw, 605px\" \/><\/figure>\n\n\n\n<p>Pour ne rien manquer de l\u2019\u00e9v\u00e9nement, suivez-nous sur Instagram <a href=\"https:\/\/www.instagram.com\/voiles_du_froid\/\" data-type=\"link\" data-id=\"https:\/\/www.instagram.com\/voiles_du_froid\/\" rel=\"noopener\">@voiles_du_froid<\/a> et vivez les r\u00e9gates en temps r\u00e9el, au c\u0153ur de l\u2019action.<\/p>\n\n\n\n<p>Pr\u00e9parez-vous \u00e0 hisser les voiles\u2026 que la comp\u00e9tition commence !<\/p>\n\n\n\n<p>Pour en savoir plus, rendez-vous sur <a href=\"https:\/\/voilesdufroid.com\/fr\/\" data-type=\"link\" data-id=\"https:\/\/voilesdufroid.com\/fr\/\" rel=\"noopener\">voilesdufroid.com<\/a> !<\/p>\n\n\n<div class=\"wp-block-image\">\n<figure class=\"alignleft size-medium\"><img loading=\"lazy\" decoding=\"async\" width=\"200\" height=\"300\" src=\"https:\/\/climalife.com\/wp-content\/uploads\/2026\/04\/affiche-voiles-du-froid-2026-200x300.png\" alt=\"affiche voiles du froid 2026\" class=\"wp-image-231798\" srcset=\"https:\/\/climalife.com\/wp-content\/uploads\/2026\/04\/affiche-voiles-du-froid-2026-200x300.png 200w, https:\/\/climalife.com\/wp-content\/uploads\/2026\/04\/affiche-voiles-du-froid-2026-600x900.png 600w, https:\/\/climalife.com\/wp-content\/uploads\/2026\/04\/affiche-voiles-du-froid-2026.png 622w\" sizes=\"auto, (max-width: 200px) 100vw, 200px\" \/><\/figure><\/div>\n\n\n<div style=\"height:10px\" aria-hidden=\"true\" class=\"wp-block-spacer\"><\/div>\n","protected":false},"excerpt":{"rendered":"<p>Le compte \u00e0 rebours est lanc\u00e9 ! Dans un mois, nous aurons le plaisir de vous retrouver du 29 au 31 mai 2026 pour la 32\u1d49 \u00e9dition des Voiles du Froid.<\/p>\n","protected":false},"author":53,"featured_media":231795,"comment_status":"closed","ping_status":"open","sticky":false,"template":"","format":"standard","meta":{"footnotes":""},"categories":[13226],"tags":[],"product_cat":[],"class_list":["post-231792","post","type-post","status-publish","format-standard","has-post-thumbnail","hentry","category-evenement"],"_links":{"self":[{"href":"https:\/\/climalife.com\/fr\/wp-json\/wp\/v2\/posts\/231792","targetHints":{"allow":["GET"]}}],"collection":[{"href":"https:\/\/climalife.com\/fr\/wp-json\/wp\/v2\/posts"}],"about":[{"href":"https:\/\/climalife.com\/fr\/wp-json\/wp\/v2\/types\/post"}],"author":[{"embeddable":true,"href":"https:\/\/climalife.com\/fr\/wp-json\/wp\/v2\/users\/53"}],"replies":[{"embeddable":true,"href":"https:\/\/climalife.com\/fr\/wp-json\/wp\/v2\/comments?post=231792"}],"version-history":[{"count":9,"href":"https:\/\/climalife.com\/fr\/wp-json\/wp\/v2\/posts\/231792\/revisions"}],"predecessor-version":[{"id":231839,"href":"https:\/\/climalife.com\/fr\/wp-json\/wp\/v2\/posts\/231792\/revisions\/231839"}],"wp:featuredmedia":[{"embeddable":true,"href":"https:\/\/climalife.com\/fr\/wp-json\/wp\/v2\/media\/231795"}],"wp:attachment":[{"href":"https:\/\/climalife.com\/fr\/wp-json\/wp\/v2\/media?parent=231792"}],"wp:term":[{"taxonomy":"category","embeddable":true,"href":"https:\/\/climalife.com\/fr\/wp-json\/wp\/v2\/categories?post=231792"},{"taxonomy":"post_tag","embeddable":true,"href":"https:\/\/climalife.com\/fr\/wp-json\/wp\/v2\/tags?post=231792"},{"taxonomy":"product_cat","embeddable":true,"href":"https:\/\/climalife.com\/fr\/wp-json\/wp\/v2\/product_cat?post=231792"}],"curies":[{"name":"wp","href":"https:\/\/api.w.org\/{rel}","templated":true}]}}