{"id":231802,"date":"2026-04-28T09:24:56","date_gmt":"2026-04-28T09:24:56","guid":{"rendered":"https:\/\/climalife.com\/mis-het-niet-voiles-du-froid-2026-nog-1-maand-tot-het-event\/"},"modified":"2026-04-28T09:30:17","modified_gmt":"2026-04-28T09:30:17","slug":"voiles-du-froid-2026","status":"publish","type":"post","link":"https:\/\/climalife.com\/nl\/voiles-du-froid-2026\/","title":{"rendered":"Mis het niet &#8211; Voiles du Froid 2026: Nog 1 maand tot het event!"},"content":{"rendered":"\n<p>Beste matrozen,<\/p>\n\n\n\n<p>Voor deze nieuwe editie zetten Les Voiles du Froid koers naar het \u00cele de R\u00e9. De start vindt plaats op vrijdag 29 mei vanuit de haven Les Minimes in La Rochelle, richting Saint-Martin-de-R\u00e9.<\/p>\n\n\n\n<p>Op het programma: zes zeilwedstrijden op zee en \u00e9\u00e9n wedstrijd aan wal, waarbij teamgeest, strategie en gezelligheid centraal staan.<\/p>\n\n\n\n<p>Hartelijk dank aan al onze partners die ons trouw bijstaan tijdens het evenement en ertoe bijdragen dat Les Voiles du Froid een niet te missen evenement in de sector is geworden.<\/p>\n\n\n\n<figure class=\"wp-block-image size-full is-resized\"><img loading=\"lazy\" decoding=\"async\" width=\"605\" height=\"86\" src=\"https:\/\/climalife.com\/wp-content\/uploads\/2026\/04\/VDF2026.png\" alt=\"voiles du froid 2026\" class=\"wp-image-231793\" style=\"width:746px;height:auto\" srcset=\"https:\/\/climalife.com\/wp-content\/uploads\/2026\/04\/VDF2026.png 605w, https:\/\/climalife.com\/wp-content\/uploads\/2026\/04\/VDF2026-300x43.png 300w, https:\/\/climalife.com\/wp-content\/uploads\/2026\/04\/VDF2026-600x85.png 600w\" sizes=\"auto, (max-width: 605px) 100vw, 605px\" \/><\/figure>\n\n\n\n<p>Om niets van het evenement te missen, volg ons dan op Instagram <a href=\"https:\/\/www.instagram.com\/voiles_du_froid\/\" data-type=\"link\" data-id=\"https:\/\/www.instagram.com\/voiles_du_froid\/\" rel=\"noopener\">@voiles_du_froid<\/a> en beleef de regatta\u2019s in realtime, in volle actie.<\/p>\n\n\n\n<p>Maak je klaar om de zeilen te hijsen\u2026 laat de wedstrijd maar beginnen!<\/p>\n\n\n\n<p>Voor meer informatie, raadpleeg <a href=\"https:\/\/voilesdufroid.com\/fr\/\" data-type=\"link\" data-id=\"https:\/\/voilesdufroid.com\/fr\/\" rel=\"noopener\">voilesdufroid.com<\/a> !<\/p>\n\n\n<div class=\"wp-block-image\">\n<figure class=\"alignleft size-medium\"><img loading=\"lazy\" decoding=\"async\" width=\"200\" height=\"300\" src=\"https:\/\/climalife.com\/wp-content\/uploads\/2026\/04\/affiche-voiles-du-froid-2026-200x300.png\" alt=\"affiche voiles du froid 2026\" class=\"wp-image-231798\" srcset=\"https:\/\/climalife.com\/wp-content\/uploads\/2026\/04\/affiche-voiles-du-froid-2026-200x300.png 200w, https:\/\/climalife.com\/wp-content\/uploads\/2026\/04\/affiche-voiles-du-froid-2026-600x900.png 600w, https:\/\/climalife.com\/wp-content\/uploads\/2026\/04\/affiche-voiles-du-froid-2026.png 622w\" sizes=\"auto, (max-width: 200px) 100vw, 200px\" \/><\/figure><\/div>\n\n\n<div style=\"height:10px\" aria-hidden=\"true\" class=\"wp-block-spacer\"><\/div>\n","protected":false},"excerpt":{"rendered":"<p>Het aftellen is begonnen! Over een maand kijken we ernaar uit om jullie weer te zien van 29 tot en met 31 mei 2026 voor de 32e editie van Les Voiles du Froid.<\/p>\n","protected":false},"author":53,"featured_media":231795,"comment_status":"closed","ping_status":"open","sticky":false,"template":"","format":"standard","meta":{"footnotes":""},"categories":[13225],"tags":[],"product_cat":[],"class_list":["post-231802","post","type-post","status-publish","format-standard","has-post-thumbnail","hentry","category-event-nl"],"_links":{"self":[{"href":"https:\/\/climalife.com\/nl\/wp-json\/wp\/v2\/posts\/231802","targetHints":{"allow":["GET"]}}],"collection":[{"href":"https:\/\/climalife.com\/nl\/wp-json\/wp\/v2\/posts"}],"about":[{"href":"https:\/\/climalife.com\/nl\/wp-json\/wp\/v2\/types\/post"}],"author":[{"embeddable":true,"href":"https:\/\/climalife.com\/nl\/wp-json\/wp\/v2\/users\/53"}],"replies":[{"embeddable":true,"href":"https:\/\/climalife.com\/nl\/wp-json\/wp\/v2\/comments?post=231802"}],"version-history":[{"count":2,"href":"https:\/\/climalife.com\/nl\/wp-json\/wp\/v2\/posts\/231802\/revisions"}],"predecessor-version":[{"id":231805,"href":"https:\/\/climalife.com\/nl\/wp-json\/wp\/v2\/posts\/231802\/revisions\/231805"}],"wp:featuredmedia":[{"embeddable":true,"href":"https:\/\/climalife.com\/nl\/wp-json\/wp\/v2\/media\/231795"}],"wp:attachment":[{"href":"https:\/\/climalife.com\/nl\/wp-json\/wp\/v2\/media?parent=231802"}],"wp:term":[{"taxonomy":"category","embeddable":true,"href":"https:\/\/climalife.com\/nl\/wp-json\/wp\/v2\/categories?post=231802"},{"taxonomy":"post_tag","embeddable":true,"href":"https:\/\/climalife.com\/nl\/wp-json\/wp\/v2\/tags?post=231802"},{"taxonomy":"product_cat","embeddable":true,"href":"https:\/\/climalife.com\/nl\/wp-json\/wp\/v2\/product_cat?post=231802"}],"curies":[{"name":"wp","href":"https:\/\/api.w.org\/{rel}","templated":true}]}}